{"id":64222,"date":"2024-12-21T12:10:06","date_gmt":"2024-12-21T11:10:06","guid":{"rendered":"https:\/\/www.nordnet.dk\/blog\/?p=64222"},"modified":"2024-12-21T12:10:07","modified_gmt":"2024-12-21T11:10:07","slug":"hvilket-c25-selskab-bliver-aarets-julestjerne","status":"publish","type":"post","link":"https:\/\/www.nordnet.dk\/blog\/hvilket-c25-selskab-bliver-aarets-julestjerne\/","title":{"rendered":"Hvilket C25-selskab bliver \u00e5rets julestjerne?"},"content":{"rendered":"\n<figure class=\"wp-block-embed is-type-video is-provider-youtube wp-block-embed-youtube wp-embed-aspect-16-9 wp-has-aspect-ratio\"><div class=\"wp-block-embed__wrapper\">\n<iframe loading=\"lazy\" title=\"Aktion\u00e6rens Julekalender - 21. december\" width=\"770\" height=\"433\" src=\"https:\/\/www.youtube.com\/embed\/BT_uEiobziQ?feature=oembed\" frameborder=\"0\" allow=\"accelerometer; autoplay; clipboard-write; encrypted-media; gyroscope; picture-in-picture; web-share\" referrerpolicy=\"strict-origin-when-cross-origin\" allowfullscreen><\/iframe>\n<\/div><\/figure>\n\n\n\n<p>Kampen om topplaceringen i \u00e5rets aktie-julekalender fra Dansk Aktion\u00e6rforening spidser for alvor til. I l\u00f8rdagens afsnit 21 er Nordnets ekspert Per Hansen inviteret med i julestudiet, og hj\u00e6lper analytiker Ole S\u00f8eberg med at placere de sidste kugler p\u00e5 juletr\u00e6et inden den 24. december. F\u00f8lg med og se, hvordan eksperterne vurderer de enkelte <a href=\"https:\/\/www.nordnet.dk\/academy\/c25\">C25<\/a>-selskabers muligheder i det kommende \u00e5r, og g\u00e6t med p\u00e5 hvilket selskab der mon kommer helt til tops p\u00e5 tr\u00e6et med titlen som \u00e5rets julestjerne, det selskab som aktiejulemanden tror kan klare sig bedst i det kommende \u00e5r. <\/p>\n\n\n\n<h2 class=\"wp-block-heading\" id=\"dansk-aktionaerforenings-julekalender\">Dansk Aktion\u00e6rforenings julekalender<\/h2>\n\n\n\n<p>Hver dag i december udkommer et nyt afsnit af Dansk Aktion\u00e6rforeningjulekalender. Selvom julen snart er her, kan du stadig se <a href=\"https:\/\/www.youtube.com\/playlist?list=PL_7bdGw4lePvofYewU3xSTNQBofehLRsd\" rel=\"nofollow noopener\">alle de tidligere afsnit her<\/a>.<\/p>\n","protected":false},"excerpt":{"rendered":"<p>Kampen om topplaceringen i \u00e5rets aktie-julekalender fra Dansk Aktion\u00e6rforening spidser for alvor til. I l\u00f8rdagens afsnit 21 er Nordnets ekspert Per Hansen inviteret med i julestudiet, og hj\u00e6lper analytiker Ole S\u00f8eberg med at placere de sidste kugler p\u00e5 juletr\u00e6et inden den 24. december.<\/p>\n","protected":false},"author":40017,"featured_media":64224,"comment_status":"open","ping_status":"closed","sticky":false,"template":"","format":"video","meta":{"_acf_changed":false,"ghostkit_customizer_options":"","ghostkit_custom_css":"","ghostkit_custom_js_head":"","ghostkit_custom_js_foot":"","ghostkit_typography":"","_coblocks_attr":"","_coblocks_dimensions":"","_coblocks_responsive_height":"","_coblocks_accordion_ie_support":"","footnotes":""},"categories":[1291],"tags":[1612],"class_list":["post-64222","post","type-post","status-publish","format-video","has-post-thumbnail","hentry","category-analyse","tag-persunivers","post_format-post-format-video"],"acf":[],"all_images":{"thumbnail":{"src":"https:\/\/blog.nordnet.dk\/wp-content\/uploads\/sites\/4\/2024\/12\/Per-Hansen-i-DAFs-julekalender-150x79.jpg","width":150,"height":79,"crop":true,"srcset":"https:\/\/blog.nordnet.dk\/wp-content\/uploads\/sites\/4\/2024\/12\/Per-Hansen-i-DAFs-julekalender-150x79.jpg 150w, https:\/\/blog.nordnet.dk\/wp-content\/uploads\/sites\/4\/2024\/12\/Per-Hansen-i-DAFs-julekalender-620x326.jpg 620w, https:\/\/blog.nordnet.dk\/wp-content\/uploads\/sites\/4\/2024\/12\/Per-Hansen-i-DAFs-julekalender-1024x538.jpg 1024w, https:\/\/blog.nordnet.dk\/wp-content\/uploads\/sites\/4\/2024\/12\/Per-Hansen-i-DAFs-julekalender-768x403.jpg 768w, https:\/\/blog.nordnet.dk\/wp-content\/uploads\/sites\/4\/2024\/12\/Per-Hansen-i-DAFs-julekalender-500x263.jpg 500w, https:\/\/blog.nordnet.dk\/wp-content\/uploads\/sites\/4\/2024\/12\/Per-Hansen-i-DAFs-julekalender-800x420.jpg 800w, https:\/\/blog.nordnet.dk\/wp-content\/uploads\/sites\/4\/2024\/12\/Per-Hansen-i-DAFs-julekalender-370x194.jpg 370w, https:\/\/blog.nordnet.dk\/wp-content\/uploads\/sites\/4\/2024\/12\/Per-Hansen-i-DAFs-julekalender-270x142.jpg 270w, https:\/\/blog.nordnet.dk\/wp-content\/uploads\/sites\/4\/2024\/12\/Per-Hansen-i-DAFs-julekalender-570x299.jpg 570w, https:\/\/blog.nordnet.dk\/wp-content\/uploads\/sites\/4\/2024\/12\/Per-Hansen-i-DAFs-julekalender-740x389.jpg 740w, https:\/\/blog.nordnet.dk\/wp-content\/uploads\/sites\/4\/2024\/12\/Per-Hansen-i-DAFs-julekalender.jpg 1262w","alt":""},"medium":{"src":"https:\/\/blog.nordnet.dk\/wp-content\/uploads\/sites\/4\/2024\/12\/Per-Hansen-i-DAFs-julekalender-620x326.jpg","width":620,"height":326,"crop":true,"srcset":"https:\/\/blog.nordnet.dk\/wp-content\/uploads\/sites\/4\/2024\/12\/Per-Hansen-i-DAFs-julekalender-620x326.jpg 620w, https:\/\/blog.nordnet.dk\/wp-content\/uploads\/sites\/4\/2024\/12\/Per-Hansen-i-DAFs-julekalender-1024x538.jpg 1024w, https:\/\/blog.nordnet.dk\/wp-content\/uploads\/sites\/4\/2024\/12\/Per-Hansen-i-DAFs-julekalender-150x79.jpg 150w, https:\/\/blog.nordnet.dk\/wp-content\/uploads\/sites\/4\/2024\/12\/Per-Hansen-i-DAFs-julekalender-768x403.jpg 768w, https:\/\/blog.nordnet.dk\/wp-content\/uploads\/sites\/4\/2024\/12\/Per-Hansen-i-DAFs-julekalender-500x263.jpg 500w, https:\/\/blog.nordnet.dk\/wp-content\/uploads\/sites\/4\/2024\/12\/Per-Hansen-i-DAFs-julekalender-800x420.jpg 800w, https:\/\/blog.nordnet.dk\/wp-content\/uploads\/sites\/4\/2024\/12\/Per-Hansen-i-DAFs-julekalender-370x194.jpg 370w, https:\/\/blog.nordnet.dk\/wp-content\/uploads\/sites\/4\/2024\/12\/Per-Hansen-i-DAFs-julekalender-270x142.jpg 270w, https:\/\/blog.nordnet.dk\/wp-content\/uploads\/sites\/4\/2024\/12\/Per-Hansen-i-DAFs-julekalender-570x299.jpg 570w, https:\/\/blog.nordnet.dk\/wp-content\/uploads\/sites\/4\/2024\/12\/Per-Hansen-i-DAFs-julekalender-740x389.jpg 740w, https:\/\/blog.nordnet.dk\/wp-content\/uploads\/sites\/4\/2024\/12\/Per-Hansen-i-DAFs-julekalender.jpg 1262w","alt":""},"medium_large":{"src":"https:\/\/blog.nordnet.dk\/wp-content\/uploads\/sites\/4\/2024\/12\/Per-Hansen-i-DAFs-julekalender-768x403.jpg","width":768,"height":403,"crop":true,"srcset":"https:\/\/blog.nordnet.dk\/wp-content\/uploads\/sites\/4\/2024\/12\/Per-Hansen-i-DAFs-julekalender-768x403.jpg 768w, https:\/\/blog.nordnet.dk\/wp-content\/uploads\/sites\/4\/2024\/12\/Per-Hansen-i-DAFs-julekalender-620x326.jpg 620w, https:\/\/blog.nordnet.dk\/wp-content\/uploads\/sites\/4\/2024\/12\/Per-Hansen-i-DAFs-julekalender-1024x538.jpg 1024w, https:\/\/blog.nordnet.dk\/wp-content\/uploads\/sites\/4\/2024\/12\/Per-Hansen-i-DAFs-julekalender-150x79.jpg 150w, https:\/\/blog.nordnet.dk\/wp-content\/uploads\/sites\/4\/2024\/12\/Per-Hansen-i-DAFs-julekalender-500x263.jpg 500w, https:\/\/blog.nordnet.dk\/wp-content\/uploads\/sites\/4\/2024\/12\/Per-Hansen-i-DAFs-julekalender-800x420.jpg 800w, https:\/\/blog.nordnet.dk\/wp-content\/uploads\/sites\/4\/2024\/12\/Per-Hansen-i-DAFs-julekalender-370x194.jpg 370w, https:\/\/blog.nordnet.dk\/wp-content\/uploads\/sites\/4\/2024\/12\/Per-Hansen-i-DAFs-julekalender-270x142.jpg 270w, https:\/\/blog.nordnet.dk\/wp-content\/uploads\/sites\/4\/2024\/12\/Per-Hansen-i-DAFs-julekalender-570x299.jpg 570w, https:\/\/blog.nordnet.dk\/wp-content\/uploads\/sites\/4\/2024\/12\/Per-Hansen-i-DAFs-julekalender-740x389.jpg 740w, https:\/\/blog.nordnet.dk\/wp-content\/uploads\/sites\/4\/2024\/12\/Per-Hansen-i-DAFs-julekalender.jpg 1262w","alt":""},"large":{"src":"https:\/\/blog.nordnet.dk\/wp-content\/uploads\/sites\/4\/2024\/12\/Per-Hansen-i-DAFs-julekalender-1024x538.jpg","width":770,"height":405,"crop":true,"srcset":"https:\/\/blog.nordnet.dk\/wp-content\/uploads\/sites\/4\/2024\/12\/Per-Hansen-i-DAFs-julekalender-1024x538.jpg 1024w, https:\/\/blog.nordnet.dk\/wp-content\/uploads\/sites\/4\/2024\/12\/Per-Hansen-i-DAFs-julekalender-620x326.jpg 620w, https:\/\/blog.nordnet.dk\/wp-content\/uploads\/sites\/4\/2024\/12\/Per-Hansen-i-DAFs-julekalender-150x79.jpg 150w, https:\/\/blog.nordnet.dk\/wp-content\/uploads\/sites\/4\/2024\/12\/Per-Hansen-i-DAFs-julekalender-768x403.jpg 768w, https:\/\/blog.nordnet.dk\/wp-content\/uploads\/sites\/4\/2024\/12\/Per-Hansen-i-DAFs-julekalender-500x263.jpg 500w, https:\/\/blog.nordnet.dk\/wp-content\/uploads\/sites\/4\/2024\/12\/Per-Hansen-i-DAFs-julekalender-800x420.jpg 800w, https:\/\/blog.nordnet.dk\/wp-content\/uploads\/sites\/4\/2024\/12\/Per-Hansen-i-DAFs-julekalender-370x194.jpg 370w, https:\/\/blog.nordnet.dk\/wp-content\/uploads\/sites\/4\/2024\/12\/Per-Hansen-i-DAFs-julekalender-270x142.jpg 270w, https:\/\/blog.nordnet.dk\/wp-content\/uploads\/sites\/4\/2024\/12\/Per-Hansen-i-DAFs-julekalender-570x299.jpg 570w, https:\/\/blog.nordnet.dk\/wp-content\/uploads\/sites\/4\/2024\/12\/Per-Hansen-i-DAFs-julekalender-740x389.jpg 740w, https:\/\/blog.nordnet.dk\/wp-content\/uploads\/sites\/4\/2024\/12\/Per-Hansen-i-DAFs-julekalender.jpg 1262w","alt":""},"1536x1536":{"src":"https:\/\/blog.nordnet.dk\/wp-content\/uploads\/sites\/4\/2024\/12\/Per-Hansen-i-DAFs-julekalender.jpg","width":1262,"height":663,"crop":false,"srcset":"https:\/\/blog.nordnet.dk\/wp-content\/uploads\/sites\/4\/2024\/12\/Per-Hansen-i-DAFs-julekalender.jpg 1262w, https:\/\/blog.nordnet.dk\/wp-content\/uploads\/sites\/4\/2024\/12\/Per-Hansen-i-DAFs-julekalender-620x326.jpg 620w, https:\/\/blog.nordnet.dk\/wp-content\/uploads\/sites\/4\/2024\/12\/Per-Hansen-i-DAFs-julekalender-1024x538.jpg 1024w, https:\/\/blog.nordnet.dk\/wp-content\/uploads\/sites\/4\/2024\/12\/Per-Hansen-i-DAFs-julekalender-150x79.jpg 150w, https:\/\/blog.nordnet.dk\/wp-content\/uploads\/sites\/4\/2024\/12\/Per-Hansen-i-DAFs-julekalender-768x403.jpg 768w, https:\/\/blog.nordnet.dk\/wp-content\/uploads\/sites\/4\/2024\/12\/Per-Hansen-i-DAFs-julekalender-500x263.jpg 500w, https:\/\/blog.nordnet.dk\/wp-content\/uploads\/sites\/4\/2024\/12\/Per-Hansen-i-DAFs-julekalender-800x420.jpg 800w, https:\/\/blog.nordnet.dk\/wp-content\/uploads\/sites\/4\/2024\/12\/Per-Hansen-i-DAFs-julekalender-370x194.jpg 370w, https:\/\/blog.nordnet.dk\/wp-content\/uploads\/sites\/4\/2024\/12\/Per-Hansen-i-DAFs-julekalender-270x142.jpg 270w, https:\/\/blog.nordnet.dk\/wp-content\/uploads\/sites\/4\/2024\/12\/Per-Hansen-i-DAFs-julekalender-570x299.jpg 570w, https:\/\/blog.nordnet.dk\/wp-content\/uploads\/sites\/4\/2024\/12\/Per-Hansen-i-DAFs-julekalender-740x389.jpg 740w","alt":""},"2048x2048":{"src":"https:\/\/blog.nordnet.dk\/wp-content\/uploads\/sites\/4\/2024\/12\/Per-Hansen-i-DAFs-julekalender.jpg","width":1262,"height":663,"crop":false,"srcset":"https:\/\/blog.nordnet.dk\/wp-content\/uploads\/sites\/4\/2024\/12\/Per-Hansen-i-DAFs-julekalender.jpg 1262w, https:\/\/blog.nordnet.dk\/wp-content\/uploads\/sites\/4\/2024\/12\/Per-Hansen-i-DAFs-julekalender-620x326.jpg 620w, https:\/\/blog.nordnet.dk\/wp-content\/uploads\/sites\/4\/2024\/12\/Per-Hansen-i-DAFs-julekalender-1024x538.jpg 1024w, https:\/\/blog.nordnet.dk\/wp-content\/uploads\/sites\/4\/2024\/12\/Per-Hansen-i-DAFs-julekalender-150x79.jpg 150w, https:\/\/blog.nordnet.dk\/wp-content\/uploads\/sites\/4\/2024\/12\/Per-Hansen-i-DAFs-julekalender-768x403.jpg 768w, https:\/\/blog.nordnet.dk\/wp-content\/uploads\/sites\/4\/2024\/12\/Per-Hansen-i-DAFs-julekalender-500x263.jpg 500w, https:\/\/blog.nordnet.dk\/wp-content\/uploads\/sites\/4\/2024\/12\/Per-Hansen-i-DAFs-julekalender-800x420.jpg 800w, https:\/\/blog.nordnet.dk\/wp-content\/uploads\/sites\/4\/2024\/12\/Per-Hansen-i-DAFs-julekalender-370x194.jpg 370w, https:\/\/blog.nordnet.dk\/wp-content\/uploads\/sites\/4\/2024\/12\/Per-Hansen-i-DAFs-julekalender-270x142.jpg 270w, https:\/\/blog.nordnet.dk\/wp-content\/uploads\/sites\/4\/2024\/12\/Per-Hansen-i-DAFs-julekalender-570x299.jpg 570w, https:\/\/blog.nordnet.dk\/wp-content\/uploads\/sites\/4\/2024\/12\/Per-Hansen-i-DAFs-julekalender-740x389.jpg 740w","alt":""},"awb_sm":{"src":"https:\/\/blog.nordnet.dk\/wp-content\/uploads\/sites\/4\/2024\/12\/Per-Hansen-i-DAFs-julekalender-500x263.jpg","width":500,"height":263,"crop":true,"srcset":"https:\/\/blog.nordnet.dk\/wp-content\/uploads\/sites\/4\/2024\/12\/Per-Hansen-i-DAFs-julekalender-500x263.jpg 500w, https:\/\/blog.nordnet.dk\/wp-content\/uploads\/sites\/4\/2024\/12\/Per-Hansen-i-DAFs-julekalender-620x326.jpg 620w, https:\/\/blog.nordnet.dk\/wp-content\/uploads\/sites\/4\/2024\/12\/Per-Hansen-i-DAFs-julekalender-1024x538.jpg 1024w, https:\/\/blog.nordnet.dk\/wp-content\/uploads\/sites\/4\/2024\/12\/Per-Hansen-i-DAFs-julekalender-150x79.jpg 150w, https:\/\/blog.nordnet.dk\/wp-content\/uploads\/sites\/4\/2024\/12\/Per-Hansen-i-DAFs-julekalender-768x403.jpg 768w, https:\/\/blog.nordnet.dk\/wp-content\/uploads\/sites\/4\/2024\/12\/Per-Hansen-i-DAFs-julekalender-800x420.jpg 800w, https:\/\/blog.nordnet.dk\/wp-content\/uploads\/sites\/4\/2024\/12\/Per-Hansen-i-DAFs-julekalender-370x194.jpg 370w, https:\/\/blog.nordnet.dk\/wp-content\/uploads\/sites\/4\/2024\/12\/Per-Hansen-i-DAFs-julekalender-270x142.jpg 270w, https:\/\/blog.nordnet.dk\/wp-content\/uploads\/sites\/4\/2024\/12\/Per-Hansen-i-DAFs-julekalender-570x299.jpg 570w, https:\/\/blog.nordnet.dk\/wp-content\/uploads\/sites\/4\/2024\/12\/Per-Hansen-i-DAFs-julekalender-740x389.jpg 740w, https:\/\/blog.nordnet.dk\/wp-content\/uploads\/sites\/4\/2024\/12\/Per-Hansen-i-DAFs-julekalender.jpg 1262w","alt":""},"awb_md":{"src":"https:\/\/blog.nordnet.dk\/wp-content\/uploads\/sites\/4\/2024\/12\/Per-Hansen-i-DAFs-julekalender-800x420.jpg","width":800,"height":420,"crop":true,"srcset":"https:\/\/blog.nordnet.dk\/wp-content\/uploads\/sites\/4\/2024\/12\/Per-Hansen-i-DAFs-julekalender-800x420.jpg 800w, https:\/\/blog.nordnet.dk\/wp-content\/uploads\/sites\/4\/2024\/12\/Per-Hansen-i-DAFs-julekalender-620x326.jpg 620w, https:\/\/blog.nordnet.dk\/wp-content\/uploads\/sites\/4\/2024\/12\/Per-Hansen-i-DAFs-julekalender-1024x538.jpg 1024w, https:\/\/blog.nordnet.dk\/wp-content\/uploads\/sites\/4\/2024\/12\/Per-Hansen-i-DAFs-julekalender-150x79.jpg 150w, https:\/\/blog.nordnet.dk\/wp-content\/uploads\/sites\/4\/2024\/12\/Per-Hansen-i-DAFs-julekalender-768x403.jpg 768w, https:\/\/blog.nordnet.dk\/wp-content\/uploads\/sites\/4\/2024\/12\/Per-Hansen-i-DAFs-julekalender-500x263.jpg 500w, https:\/\/blog.nordnet.dk\/wp-content\/uploads\/sites\/4\/2024\/12\/Per-Hansen-i-DAFs-julekalender-370x194.jpg 370w, https:\/\/blog.nordnet.dk\/wp-content\/uploads\/sites\/4\/2024\/12\/Per-Hansen-i-DAFs-julekalender-270x142.jpg 270w, https:\/\/blog.nordnet.dk\/wp-content\/uploads\/sites\/4\/2024\/12\/Per-Hansen-i-DAFs-julekalender-570x299.jpg 570w, https:\/\/blog.nordnet.dk\/wp-content\/uploads\/sites\/4\/2024\/12\/Per-Hansen-i-DAFs-julekalender-740x389.jpg 740w, https:\/\/blog.nordnet.dk\/wp-content\/uploads\/sites\/4\/2024\/12\/Per-Hansen-i-DAFs-julekalender.jpg 1262w","alt":""},"awb_lg":{"src":"https:\/\/blog.nordnet.dk\/wp-content\/uploads\/sites\/4\/2024\/12\/Per-Hansen-i-DAFs-julekalender.jpg","width":1262,"height":663,"crop":false,"srcset":"https:\/\/blog.nordnet.dk\/wp-content\/uploads\/sites\/4\/2024\/12\/Per-Hansen-i-DAFs-julekalender.jpg 1262w, https:\/\/blog.nordnet.dk\/wp-content\/uploads\/sites\/4\/2024\/12\/Per-Hansen-i-DAFs-julekalender-620x326.jpg 620w, https:\/\/blog.nordnet.dk\/wp-content\/uploads\/sites\/4\/2024\/12\/Per-Hansen-i-DAFs-julekalender-1024x538.jpg 1024w, https:\/\/blog.nordnet.dk\/wp-content\/uploads\/sites\/4\/2024\/12\/Per-Hansen-i-DAFs-julekalender-150x79.jpg 150w, https:\/\/blog.nordnet.dk\/wp-content\/uploads\/sites\/4\/2024\/12\/Per-Hansen-i-DAFs-julekalender-768x403.jpg 768w, https:\/\/blog.nordnet.dk\/wp-content\/uploads\/sites\/4\/2024\/12\/Per-Hansen-i-DAFs-julekalender-500x263.jpg 500w, https:\/\/blog.nordnet.dk\/wp-content\/uploads\/sites\/4\/2024\/12\/Per-Hansen-i-DAFs-julekalender-800x420.jpg 800w, https:\/\/blog.nordnet.dk\/wp-content\/uploads\/sites\/4\/2024\/12\/Per-Hansen-i-DAFs-julekalender-370x194.jpg 370w, https:\/\/blog.nordnet.dk\/wp-content\/uploads\/sites\/4\/2024\/12\/Per-Hansen-i-DAFs-julekalender-270x142.jpg 270w, https:\/\/blog.nordnet.dk\/wp-content\/uploads\/sites\/4\/2024\/12\/Per-Hansen-i-DAFs-julekalender-570x299.jpg 570w, https:\/\/blog.nordnet.dk\/wp-content\/uploads\/sites\/4\/2024\/12\/Per-Hansen-i-DAFs-julekalender-740x389.jpg 740w","alt":""},"awb_xl":{"src":"https:\/\/blog.nordnet.dk\/wp-content\/uploads\/sites\/4\/2024\/12\/Per-Hansen-i-DAFs-julekalender.jpg","width":1262,"height":663,"crop":false,"srcset":"https:\/\/blog.nordnet.dk\/wp-content\/uploads\/sites\/4\/2024\/12\/Per-Hansen-i-DAFs-julekalender.jpg 1262w, https:\/\/blog.nordnet.dk\/wp-content\/uploads\/sites\/4\/2024\/12\/Per-Hansen-i-DAFs-julekalender-620x326.jpg 620w, https:\/\/blog.nordnet.dk\/wp-content\/uploads\/sites\/4\/2024\/12\/Per-Hansen-i-DAFs-julekalender-1024x538.jpg 1024w, https:\/\/blog.nordnet.dk\/wp-content\/uploads\/sites\/4\/2024\/12\/Per-Hansen-i-DAFs-julekalender-150x79.jpg 150w, https:\/\/blog.nordnet.dk\/wp-content\/uploads\/sites\/4\/2024\/12\/Per-Hansen-i-DAFs-julekalender-768x403.jpg 768w, https:\/\/blog.nordnet.dk\/wp-content\/uploads\/sites\/4\/2024\/12\/Per-Hansen-i-DAFs-julekalender-500x263.jpg 500w, https:\/\/blog.nordnet.dk\/wp-content\/uploads\/sites\/4\/2024\/12\/Per-Hansen-i-DAFs-julekalender-800x420.jpg 800w, https:\/\/blog.nordnet.dk\/wp-content\/uploads\/sites\/4\/2024\/12\/Per-Hansen-i-DAFs-julekalender-370x194.jpg 370w, https:\/\/blog.nordnet.dk\/wp-content\/uploads\/sites\/4\/2024\/12\/Per-Hansen-i-DAFs-julekalender-270x142.jpg 270w, https:\/\/blog.nordnet.dk\/wp-content\/uploads\/sites\/4\/2024\/12\/Per-Hansen-i-DAFs-julekalender-570x299.jpg 570w, https:\/\/blog.nordnet.dk\/wp-content\/uploads\/sites\/4\/2024\/12\/Per-Hansen-i-DAFs-julekalender-740x389.jpg 740w","alt":""},"gridlove-a4":{"src":"https:\/\/blog.nordnet.dk\/wp-content\/uploads\/sites\/4\/2024\/12\/Per-Hansen-i-DAFs-julekalender-370x150.jpg","width":370,"height":150,"crop":true,"srcset":false,"alt":""},"gridlove-a4-orig":{"src":"https:\/\/blog.nordnet.dk\/wp-content\/uploads\/sites\/4\/2024\/12\/Per-Hansen-i-DAFs-julekalender-370x194.jpg","width":370,"height":194,"crop":true,"srcset":"https:\/\/blog.nordnet.dk\/wp-content\/uploads\/sites\/4\/2024\/12\/Per-Hansen-i-DAFs-julekalender-370x194.jpg 370w, https:\/\/blog.nordnet.dk\/wp-content\/uploads\/sites\/4\/2024\/12\/Per-Hansen-i-DAFs-julekalender-620x326.jpg 620w, https:\/\/blog.nordnet.dk\/wp-content\/uploads\/sites\/4\/2024\/12\/Per-Hansen-i-DAFs-julekalender-1024x538.jpg 1024w, https:\/\/blog.nordnet.dk\/wp-content\/uploads\/sites\/4\/2024\/12\/Per-Hansen-i-DAFs-julekalender-150x79.jpg 150w, https:\/\/blog.nordnet.dk\/wp-content\/uploads\/sites\/4\/2024\/12\/Per-Hansen-i-DAFs-julekalender-768x403.jpg 768w, https:\/\/blog.nordnet.dk\/wp-content\/uploads\/sites\/4\/2024\/12\/Per-Hansen-i-DAFs-julekalender-500x263.jpg 500w, https:\/\/blog.nordnet.dk\/wp-content\/uploads\/sites\/4\/2024\/12\/Per-Hansen-i-DAFs-julekalender-800x420.jpg 800w, https:\/\/blog.nordnet.dk\/wp-content\/uploads\/sites\/4\/2024\/12\/Per-Hansen-i-DAFs-julekalender-270x142.jpg 270w, https:\/\/blog.nordnet.dk\/wp-content\/uploads\/sites\/4\/2024\/12\/Per-Hansen-i-DAFs-julekalender-570x299.jpg 570w, https:\/\/blog.nordnet.dk\/wp-content\/uploads\/sites\/4\/2024\/12\/Per-Hansen-i-DAFs-julekalender-740x389.jpg 740w, https:\/\/blog.nordnet.dk\/wp-content\/uploads\/sites\/4\/2024\/12\/Per-Hansen-i-DAFs-julekalender.jpg 1262w","alt":""},"gridlove-a3-orig":{"src":"https:\/\/blog.nordnet.dk\/wp-content\/uploads\/sites\/4\/2024\/12\/Per-Hansen-i-DAFs-julekalender-270x142.jpg","width":270,"height":142,"crop":true,"srcset":"https:\/\/blog.nordnet.dk\/wp-content\/uploads\/sites\/4\/2024\/12\/Per-Hansen-i-DAFs-julekalender-270x142.jpg 270w, https:\/\/blog.nordnet.dk\/wp-content\/uploads\/sites\/4\/2024\/12\/Per-Hansen-i-DAFs-julekalender-620x326.jpg 620w, https:\/\/blog.nordnet.dk\/wp-content\/uploads\/sites\/4\/2024\/12\/Per-Hansen-i-DAFs-julekalender-1024x538.jpg 1024w, https:\/\/blog.nordnet.dk\/wp-content\/uploads\/sites\/4\/2024\/12\/Per-Hansen-i-DAFs-julekalender-150x79.jpg 150w, https:\/\/blog.nordnet.dk\/wp-content\/uploads\/sites\/4\/2024\/12\/Per-Hansen-i-DAFs-julekalender-768x403.jpg 768w, https:\/\/blog.nordnet.dk\/wp-content\/uploads\/sites\/4\/2024\/12\/Per-Hansen-i-DAFs-julekalender-500x263.jpg 500w, https:\/\/blog.nordnet.dk\/wp-content\/uploads\/sites\/4\/2024\/12\/Per-Hansen-i-DAFs-julekalender-800x420.jpg 800w, https:\/\/blog.nordnet.dk\/wp-content\/uploads\/sites\/4\/2024\/12\/Per-Hansen-i-DAFs-julekalender-370x194.jpg 370w, https:\/\/blog.nordnet.dk\/wp-content\/uploads\/sites\/4\/2024\/12\/Per-Hansen-i-DAFs-julekalender-570x299.jpg 570w, https:\/\/blog.nordnet.dk\/wp-content\/uploads\/sites\/4\/2024\/12\/Per-Hansen-i-DAFs-julekalender-740x389.jpg 740w, https:\/\/blog.nordnet.dk\/wp-content\/uploads\/sites\/4\/2024\/12\/Per-Hansen-i-DAFs-julekalender.jpg 1262w","alt":""},"gridlove-b6":{"src":"https:\/\/blog.nordnet.dk\/wp-content\/uploads\/sites\/4\/2024\/12\/Per-Hansen-i-DAFs-julekalender-285x300.jpg","width":285,"height":300,"crop":true,"srcset":false,"alt":""},"gridlove-b7":{"src":"https:\/\/blog.nordnet.dk\/wp-content\/uploads\/sites\/4\/2024\/12\/Per-Hansen-i-DAFs-julekalender-335x300.jpg","width":335,"height":300,"crop":true,"srcset":false,"alt":""},"gridlove-b8":{"src":"https:\/\/blog.nordnet.dk\/wp-content\/uploads\/sites\/4\/2024\/12\/Per-Hansen-i-DAFs-julekalender-385x300.jpg","width":385,"height":300,"crop":true,"srcset":false,"alt":""},"gridlove-b9":{"src":"https:\/\/blog.nordnet.dk\/wp-content\/uploads\/sites\/4\/2024\/12\/Per-Hansen-i-DAFs-julekalender-435x300.jpg","width":435,"height":300,"crop":true,"srcset":false,"alt":""},"gridlove-b12":{"src":"https:\/\/blog.nordnet.dk\/wp-content\/uploads\/sites\/4\/2024\/12\/Per-Hansen-i-DAFs-julekalender-585x300.jpg","width":585,"height":300,"crop":true,"srcset":false,"alt":""},"gridlove-d3":{"src":"https:\/\/blog.nordnet.dk\/wp-content\/uploads\/sites\/4\/2024\/12\/Per-Hansen-i-DAFs-julekalender-270x300.jpg","width":270,"height":300,"crop":true,"srcset":false,"alt":""},"gridlove-d3-orig":{"src":"https:\/\/blog.nordnet.dk\/wp-content\/uploads\/sites\/4\/2024\/12\/Per-Hansen-i-DAFs-julekalender-270x142.jpg","width":270,"height":142,"crop":true,"srcset":"https:\/\/blog.nordnet.dk\/wp-content\/uploads\/sites\/4\/2024\/12\/Per-Hansen-i-DAFs-julekalender-270x142.jpg 270w, https:\/\/blog.nordnet.dk\/wp-content\/uploads\/sites\/4\/2024\/12\/Per-Hansen-i-DAFs-julekalender-620x326.jpg 620w, https:\/\/blog.nordnet.dk\/wp-content\/uploads\/sites\/4\/2024\/12\/Per-Hansen-i-DAFs-julekalender-1024x538.jpg 1024w, https:\/\/blog.nordnet.dk\/wp-content\/uploads\/sites\/4\/2024\/12\/Per-Hansen-i-DAFs-julekalender-150x79.jpg 150w, https:\/\/blog.nordnet.dk\/wp-content\/uploads\/sites\/4\/2024\/12\/Per-Hansen-i-DAFs-julekalender-768x403.jpg 768w, https:\/\/blog.nordnet.dk\/wp-content\/uploads\/sites\/4\/2024\/12\/Per-Hansen-i-DAFs-julekalender-500x263.jpg 500w, https:\/\/blog.nordnet.dk\/wp-content\/uploads\/sites\/4\/2024\/12\/Per-Hansen-i-DAFs-julekalender-800x420.jpg 800w, https:\/\/blog.nordnet.dk\/wp-content\/uploads\/sites\/4\/2024\/12\/Per-Hansen-i-DAFs-julekalender-370x194.jpg 370w, https:\/\/blog.nordnet.dk\/wp-content\/uploads\/sites\/4\/2024\/12\/Per-Hansen-i-DAFs-julekalender-570x299.jpg 570w, https:\/\/blog.nordnet.dk\/wp-content\/uploads\/sites\/4\/2024\/12\/Per-Hansen-i-DAFs-julekalender-740x389.jpg 740w, https:\/\/blog.nordnet.dk\/wp-content\/uploads\/sites\/4\/2024\/12\/Per-Hansen-i-DAFs-julekalender.jpg 1262w","alt":""},"gridlove-d4":{"src":"https:\/\/blog.nordnet.dk\/wp-content\/uploads\/sites\/4\/2024\/12\/Per-Hansen-i-DAFs-julekalender-370x300.jpg","width":370,"height":300,"crop":true,"srcset":false,"alt":""},"gridlove-d4-orig":{"src":"https:\/\/blog.nordnet.dk\/wp-content\/uploads\/sites\/4\/2024\/12\/Per-Hansen-i-DAFs-julekalender-370x194.jpg","width":370,"height":194,"crop":true,"srcset":"https:\/\/blog.nordnet.dk\/wp-content\/uploads\/sites\/4\/2024\/12\/Per-Hansen-i-DAFs-julekalender-370x194.jpg 370w, https:\/\/blog.nordnet.dk\/wp-content\/uploads\/sites\/4\/2024\/12\/Per-Hansen-i-DAFs-julekalender-620x326.jpg 620w, https:\/\/blog.nordnet.dk\/wp-content\/uploads\/sites\/4\/2024\/12\/Per-Hansen-i-DAFs-julekalender-1024x538.jpg 1024w, https:\/\/blog.nordnet.dk\/wp-content\/uploads\/sites\/4\/2024\/12\/Per-Hansen-i-DAFs-julekalender-150x79.jpg 150w, https:\/\/blog.nordnet.dk\/wp-content\/uploads\/sites\/4\/2024\/12\/Per-Hansen-i-DAFs-julekalender-768x403.jpg 768w, https:\/\/blog.nordnet.dk\/wp-content\/uploads\/sites\/4\/2024\/12\/Per-Hansen-i-DAFs-julekalender-500x263.jpg 500w, https:\/\/blog.nordnet.dk\/wp-content\/uploads\/sites\/4\/2024\/12\/Per-Hansen-i-DAFs-julekalender-800x420.jpg 800w, https:\/\/blog.nordnet.dk\/wp-content\/uploads\/sites\/4\/2024\/12\/Per-Hansen-i-DAFs-julekalender-270x142.jpg 270w, https:\/\/blog.nordnet.dk\/wp-content\/uploads\/sites\/4\/2024\/12\/Per-Hansen-i-DAFs-julekalender-570x299.jpg 570w, https:\/\/blog.nordnet.dk\/wp-content\/uploads\/sites\/4\/2024\/12\/Per-Hansen-i-DAFs-julekalender-740x389.jpg 740w, https:\/\/blog.nordnet.dk\/wp-content\/uploads\/sites\/4\/2024\/12\/Per-Hansen-i-DAFs-julekalender.jpg 1262w","alt":""},"gridlove-d5":{"src":"https:\/\/blog.nordnet.dk\/wp-content\/uploads\/sites\/4\/2024\/12\/Per-Hansen-i-DAFs-julekalender-470x300.jpg","width":470,"height":300,"crop":true,"srcset":false,"alt":""},"gridlove-d6":{"src":"https:\/\/blog.nordnet.dk\/wp-content\/uploads\/sites\/4\/2024\/12\/Per-Hansen-i-DAFs-julekalender-570x300.jpg","width":570,"height":300,"crop":true,"srcset":"https:\/\/blog.nordnet.dk\/wp-content\/uploads\/sites\/4\/2024\/12\/Per-Hansen-i-DAFs-julekalender-570x299.jpg 570w, https:\/\/blog.nordnet.dk\/wp-content\/uploads\/sites\/4\/2024\/12\/Per-Hansen-i-DAFs-julekalender-620x326.jpg 620w, https:\/\/blog.nordnet.dk\/wp-content\/uploads\/sites\/4\/2024\/12\/Per-Hansen-i-DAFs-julekalender-1024x538.jpg 1024w, https:\/\/blog.nordnet.dk\/wp-content\/uploads\/sites\/4\/2024\/12\/Per-Hansen-i-DAFs-julekalender-150x79.jpg 150w, https:\/\/blog.nordnet.dk\/wp-content\/uploads\/sites\/4\/2024\/12\/Per-Hansen-i-DAFs-julekalender-768x403.jpg 768w, https:\/\/blog.nordnet.dk\/wp-content\/uploads\/sites\/4\/2024\/12\/Per-Hansen-i-DAFs-julekalender-500x263.jpg 500w, https:\/\/blog.nordnet.dk\/wp-content\/uploads\/sites\/4\/2024\/12\/Per-Hansen-i-DAFs-julekalender-800x420.jpg 800w, https:\/\/blog.nordnet.dk\/wp-content\/uploads\/sites\/4\/2024\/12\/Per-Hansen-i-DAFs-julekalender-370x194.jpg 370w, https:\/\/blog.nordnet.dk\/wp-content\/uploads\/sites\/4\/2024\/12\/Per-Hansen-i-DAFs-julekalender-270x142.jpg 270w, https:\/\/blog.nordnet.dk\/wp-content\/uploads\/sites\/4\/2024\/12\/Per-Hansen-i-DAFs-julekalender-740x389.jpg 740w, https:\/\/blog.nordnet.dk\/wp-content\/uploads\/sites\/4\/2024\/12\/Per-Hansen-i-DAFs-julekalender.jpg 1262w","alt":""},"gridlove-d6-orig":{"src":"https:\/\/blog.nordnet.dk\/wp-content\/uploads\/sites\/4\/2024\/12\/Per-Hansen-i-DAFs-julekalender-570x299.jpg","width":570,"height":299,"crop":true,"srcset":"https:\/\/blog.nordnet.dk\/wp-content\/uploads\/sites\/4\/2024\/12\/Per-Hansen-i-DAFs-julekalender-570x299.jpg 570w, https:\/\/blog.nordnet.dk\/wp-content\/uploads\/sites\/4\/2024\/12\/Per-Hansen-i-DAFs-julekalender-620x326.jpg 620w, https:\/\/blog.nordnet.dk\/wp-content\/uploads\/sites\/4\/2024\/12\/Per-Hansen-i-DAFs-julekalender-1024x538.jpg 1024w, https:\/\/blog.nordnet.dk\/wp-content\/uploads\/sites\/4\/2024\/12\/Per-Hansen-i-DAFs-julekalender-150x79.jpg 150w, https:\/\/blog.nordnet.dk\/wp-content\/uploads\/sites\/4\/2024\/12\/Per-Hansen-i-DAFs-julekalender-768x403.jpg 768w, https:\/\/blog.nordnet.dk\/wp-content\/uploads\/sites\/4\/2024\/12\/Per-Hansen-i-DAFs-julekalender-500x263.jpg 500w, https:\/\/blog.nordnet.dk\/wp-content\/uploads\/sites\/4\/2024\/12\/Per-Hansen-i-DAFs-julekalender-800x420.jpg 800w, https:\/\/blog.nordnet.dk\/wp-content\/uploads\/sites\/4\/2024\/12\/Per-Hansen-i-DAFs-julekalender-370x194.jpg 370w, https:\/\/blog.nordnet.dk\/wp-content\/uploads\/sites\/4\/2024\/12\/Per-Hansen-i-DAFs-julekalender-270x142.jpg 270w, https:\/\/blog.nordnet.dk\/wp-content\/uploads\/sites\/4\/2024\/12\/Per-Hansen-i-DAFs-julekalender-740x389.jpg 740w, https:\/\/blog.nordnet.dk\/wp-content\/uploads\/sites\/4\/2024\/12\/Per-Hansen-i-DAFs-julekalender.jpg 1262w","alt":""},"gridlove-cover":{"src":"https:\/\/blog.nordnet.dk\/wp-content\/uploads\/sites\/4\/2024\/12\/Per-Hansen-i-DAFs-julekalender-1252x480.jpg","width":1252,"height":480,"crop":true,"srcset":false,"alt":""},"gridlove-single":{"src":"https:\/\/blog.nordnet.dk\/wp-content\/uploads\/sites\/4\/2024\/12\/Per-Hansen-i-DAFs-julekalender-740x389.jpg","width":740,"height":389,"crop":true,"srcset":"https:\/\/blog.nordnet.dk\/wp-content\/uploads\/sites\/4\/2024\/12\/Per-Hansen-i-DAFs-julekalender-740x389.jpg 740w, https:\/\/blog.nordnet.dk\/wp-content\/uploads\/sites\/4\/2024\/12\/Per-Hansen-i-DAFs-julekalender-620x326.jpg 620w, https:\/\/blog.nordnet.dk\/wp-content\/uploads\/sites\/4\/2024\/12\/Per-Hansen-i-DAFs-julekalender-1024x538.jpg 1024w, https:\/\/blog.nordnet.dk\/wp-content\/uploads\/sites\/4\/2024\/12\/Per-Hansen-i-DAFs-julekalender-150x79.jpg 150w, https:\/\/blog.nordnet.dk\/wp-content\/uploads\/sites\/4\/2024\/12\/Per-Hansen-i-DAFs-julekalender-768x403.jpg 768w, https:\/\/blog.nordnet.dk\/wp-content\/uploads\/sites\/4\/2024\/12\/Per-Hansen-i-DAFs-julekalender-500x263.jpg 500w, https:\/\/blog.nordnet.dk\/wp-content\/uploads\/sites\/4\/2024\/12\/Per-Hansen-i-DAFs-julekalender-800x420.jpg 800w, https:\/\/blog.nordnet.dk\/wp-content\/uploads\/sites\/4\/2024\/12\/Per-Hansen-i-DAFs-julekalender-370x194.jpg 370w, https:\/\/blog.nordnet.dk\/wp-content\/uploads\/sites\/4\/2024\/12\/Per-Hansen-i-DAFs-julekalender-270x142.jpg 270w, https:\/\/blog.nordnet.dk\/wp-content\/uploads\/sites\/4\/2024\/12\/Per-Hansen-i-DAFs-julekalender-570x299.jpg 570w, https:\/\/blog.nordnet.dk\/wp-content\/uploads\/sites\/4\/2024\/12\/Per-Hansen-i-DAFs-julekalender.jpg 1262w","alt":""},"gridlove-thumbnail":{"src":"https:\/\/blog.nordnet.dk\/wp-content\/uploads\/sites\/4\/2024\/12\/Per-Hansen-i-DAFs-julekalender-80x60.jpg","width":80,"height":60,"crop":true,"srcset":false,"alt":""},"gridlove-child-single":{"src":"https:\/\/blog.nordnet.dk\/wp-content\/uploads\/sites\/4\/2024\/12\/Per-Hansen-i-DAFs-julekalender-1262x430.jpg","width":1262,"height":430,"crop":true,"srcset":false,"alt":""},"gridlove-child-cover-7":{"src":"https:\/\/blog.nordnet.dk\/wp-content\/uploads\/sites\/4\/2024\/12\/Per-Hansen-i-DAFs-julekalender-1262x550.jpg","width":1262,"height":550,"crop":true,"srcset":false,"alt":""},"gform-image-choice-sm":{"src":"https:\/\/blog.nordnet.dk\/wp-content\/uploads\/sites\/4\/2024\/12\/Per-Hansen-i-DAFs-julekalender-300x300.jpg","width":300,"height":300,"crop":true,"srcset":"https:\/\/blog.nordnet.dk\/wp-content\/uploads\/sites\/4\/2024\/12\/Per-Hansen-i-DAFs-julekalender-300x300.jpg 300w, https:\/\/blog.nordnet.dk\/wp-content\/uploads\/sites\/4\/2024\/12\/Per-Hansen-i-DAFs-julekalender-400x400.jpg 400w, https:\/\/blog.nordnet.dk\/wp-content\/uploads\/sites\/4\/2024\/12\/Per-Hansen-i-DAFs-julekalender-600x600.jpg 600w","alt":""},"gform-image-choice-md":{"src":"https:\/\/blog.nordnet.dk\/wp-content\/uploads\/sites\/4\/2024\/12\/Per-Hansen-i-DAFs-julekalender-400x400.jpg","width":400,"height":400,"crop":true,"srcset":"https:\/\/blog.nordnet.dk\/wp-content\/uploads\/sites\/4\/2024\/12\/Per-Hansen-i-DAFs-julekalender-400x400.jpg 400w, https:\/\/blog.nordnet.dk\/wp-content\/uploads\/sites\/4\/2024\/12\/Per-Hansen-i-DAFs-julekalender-300x300.jpg 300w, https:\/\/blog.nordnet.dk\/wp-content\/uploads\/sites\/4\/2024\/12\/Per-Hansen-i-DAFs-julekalender-600x600.jpg 600w","alt":""},"gform-image-choice-lg":{"src":"https:\/\/blog.nordnet.dk\/wp-content\/uploads\/sites\/4\/2024\/12\/Per-Hansen-i-DAFs-julekalender-600x600.jpg","width":600,"height":600,"crop":true,"srcset":"https:\/\/blog.nordnet.dk\/wp-content\/uploads\/sites\/4\/2024\/12\/Per-Hansen-i-DAFs-julekalender-600x600.jpg 600w, https:\/\/blog.nordnet.dk\/wp-content\/uploads\/sites\/4\/2024\/12\/Per-Hansen-i-DAFs-julekalender-300x300.jpg 300w, https:\/\/blog.nordnet.dk\/wp-content\/uploads\/sites\/4\/2024\/12\/Per-Hansen-i-DAFs-julekalender-400x400.jpg 400w","alt":""}},"image":["https:\/\/blog.nordnet.dk\/wp-content\/uploads\/sites\/4\/2024\/12\/Per-Hansen-i-DAFs-julekalender.jpg",1262,663,false],"acf_post_excerpt":"Kampen om topplaceringen i \u00e5rets aktie-julekalender fra Dansk Aktion\u00e6rforening spidser for alvor til. I afsnit 21 er Nordnets Per Hansen inviteret med i julestudiet, og hj\u00e6lper analytiker Ole S\u00f8eberg med rangeringen.","acf_episode":null,"acf_podcast_time":null,"youtube_id":"BT_uEiobziQ","_links":{"self":[{"href":"https:\/\/www.nordnet.dk\/blog\/wp-json\/wp\/v2\/posts\/64222","targetHints":{"allow":["GET"]}}],"collection":[{"href":"https:\/\/www.nordnet.dk\/blog\/wp-json\/wp\/v2\/posts"}],"about":[{"href":"https:\/\/www.nordnet.dk\/blog\/wp-json\/wp\/v2\/types\/post"}],"author":[{"embeddable":true,"href":"https:\/\/www.nordnet.dk\/blog\/wp-json\/wp\/v2\/users\/40017"}],"replies":[{"embeddable":true,"href":"https:\/\/www.nordnet.dk\/blog\/wp-json\/wp\/v2\/comments?post=64222"}],"version-history":[{"count":6,"href":"https:\/\/www.nordnet.dk\/blog\/wp-json\/wp\/v2\/posts\/64222\/revisions"}],"predecessor-version":[{"id":64246,"href":"https:\/\/www.nordnet.dk\/blog\/wp-json\/wp\/v2\/posts\/64222\/revisions\/64246"}],"wp:featuredmedia":[{"embeddable":true,"href":"https:\/\/www.nordnet.dk\/blog\/wp-json\/wp\/v2\/media\/64224"}],"wp:attachment":[{"href":"https:\/\/www.nordnet.dk\/blog\/wp-json\/wp\/v2\/media?parent=64222"}],"wp:term":[{"taxonomy":"category","embeddable":true,"href":"https:\/\/www.nordnet.dk\/blog\/wp-json\/wp\/v2\/categories?post=64222"},{"taxonomy":"post_tag","embeddable":true,"href":"https:\/\/www.nordnet.dk\/blog\/wp-json\/wp\/v2\/tags?post=64222"}],"curies":[{"name":"wp","href":"https:\/\/api.w.org\/{rel}","templated":true}],"author_decoded":""}}